{"id":10928,"date":"2026-09-02T11:24:57","date_gmt":"2026-09-02T09:24:57","guid":{"rendered":"https:\/\/goethezentrum.md\/?p=10928"},"modified":"2026-09-02T11:25:01","modified_gmt":"2026-09-02T09:25:01","slug":"inscriere-la-curs-de-limba-germana-modul-de-toamna","status":"publish","type":"post","link":"https:\/\/goethezentrum.md\/de\/inscriere-la-curs-de-limba-germana-modul-de-toamna\/","title":{"rendered":"Anmeldung zum Deutschkurs im Herbst"},"content":{"rendered":"<p class=\"wp-block-paragraph translation-block\">Der Herbst steht f\u00fcr einen neuen Anfang! Im September starten unsere Deutschkurse f\u00fcr Kinder, Jugendliche und Erwachsene am Goethe-Zentrum Chi\u0219in\u0103u. Dabei bilden wir Gruppen f\u00fcr alle Sprachniveaus von A1 bis C1!<\/p>\n\n\n\n<p class=\"wp-block-paragraph\">Lernen Sie gemeinsam mit uns Deutsch! Unsere qualifizierten Lehrkr\u00e4fte, moderne Lehrwerke, mit interaktiven Tafeln ausgestattete Unterrichtsr\u00e4ume und eine freundliche Lernatmosph\u00e4re an unserem Standort in der Str. Sfatul \u021a\u0103rii 18 unterst\u00fctzen Sie dabei.<\/p>\n\n\n\n<p class=\"wp-block-paragraph translation-block\">Unser Stundenplan und das Unterrichtskonzept sind so gestaltet, dass sich der Deutschkurs optimal mit dem Schulunterricht (f\u00fcr Kinder und Jugendliche) bzw. mit einer Vollzeitbesch\u00e4ftigung (f\u00fcr Erwachsene) vereinbaren l\u00e4sst. Teilnehmende mit Vorkenntnissen in Deutsch k\u00f6nnen einen Einstufungstest absolvieren, anhand dessen sie anschlie\u00dfend der entsprechenden Niveaustufe zugeordnet werden.<\/p>\n\n\n\n<p class=\"wp-block-paragraph translation-block\">F\u00fcr die Anmeldung zum Kurs und zur Vereinbarung eines Termins f\u00fcr den Einstufungstest kontaktieren Sie uns unter: +373 60835960, +373 22237660 oder info@goethezentrum.md.<\/p>\n\n\n\n<p class=\"wp-block-paragraph\"><\/p>","protected":false},"excerpt":{"rendered":"<p>Toamna \u00eenseamn\u0103 un nou \u00eenceput! \u00cen luna septembrie d\u0103m START cursurilor de limb\u0103 german\u0103 pentru copii, adolescen\u021bi \u0219i adul\u021bi la\u00a0Goethe-Zentrum Chi\u0219in\u0103u, cu formarea grupurilor pentru toate nivelurile de cunoa\u0219tere de la A1 p\u00e2n\u0103 la C1!\u00a0 \u00cenva\u021b\u0103 limba german\u0103 al\u0103turi de noi \u0219i te vom ghida cu ajutorul cadrelor didactice calificate, manualelor de ultim\u0103 genera\u021bie, s\u0103lilor [&hellip;]<\/p>\n","protected":false},"author":1,"featured_media":10930,"comment_status":"closed","ping_status":"open","sticky":false,"template":"","format":"standard","meta":{"_acf_changed":false,"inline_featured_image":false,"site-sidebar-layout":"default","site-content-layout":"","ast-site-content-layout":"default","site-content-style":"default","site-sidebar-style":"default","ast-global-header-display":"","ast-banner-title-visibility":"","ast-main-header-display":"","ast-hfb-above-header-display":"","ast-hfb-below-header-display":"","ast-hfb-mobile-header-display":"","site-post-title":"","ast-breadcrumbs-content":"","ast-featured-img":"","footer-sml-layout":"","theme-transparent-header-meta":"","adv-header-id-meta":"","stick-header-meta":"","header-above-stick-meta":"","header-main-stick-meta":"","header-below-stick-meta":"","astra-migrate-meta-layouts":"set","ast-page-background-enabled":"default","ast-page-background-meta":{"desktop":{"background-color":"","background-image":"","background-repeat":"repeat","background-position":"center center","background-size":"auto","background-attachment":"scroll","background-type":"","background-media":"","overlay-type":"","overlay-color":"","overlay-gradient":""},"tablet":{"background-color":"","background-image":"","background-repeat":"repeat","background-position":"center center","background-size":"auto","background-attachment":"scroll","background-type":"","background-media":"","overlay-type":"","overlay-color":"","overlay-gradient":""},"mobile":{"background-color":"","background-image":"","background-repeat":"repeat","background-position":"center center","background-size":"auto","background-attachment":"scroll","background-type":"","background-media":"","overlay-type":"","overlay-color":"","overlay-gradient":""}},"ast-content-background-meta":{"desktop":{"background-color":"var(--ast-global-color-5)","background-image":"","background-repeat":"repeat","background-position":"center center","background-size":"auto","background-attachment":"scroll","background-type":"","background-media":"","overlay-type":"","overlay-color":"","overlay-gradient":""},"tablet":{"background-color":"var(--ast-global-color-5)","background-image":"","background-repeat":"repeat","background-position":"center center","background-size":"auto","background-attachment":"scroll","background-type":"","background-media":"","overlay-type":"","overlay-color":"","overlay-gradient":""},"mobile":{"background-color":"var(--ast-global-color-5)","background-image":"","background-repeat":"repeat","background-position":"center center","background-size":"auto","background-attachment":"scroll","background-type":"","background-media":"","overlay-type":"","overlay-color":"","overlay-gradient":""}},"footnotes":""},"categories":[282],"tags":[],"class_list":["post-10928","post","type-post","status-publish","format-standard","has-post-thumbnail","hentry","category-282"],"acf":[],"_links":{"self":[{"href":"https:\/\/goethezentrum.md\/de\/wp-json\/wp\/v2\/posts\/10928","targetHints":{"allow":["GET"]}}],"collection":[{"href":"https:\/\/goethezentrum.md\/de\/wp-json\/wp\/v2\/posts"}],"about":[{"href":"https:\/\/goethezentrum.md\/de\/wp-json\/wp\/v2\/types\/post"}],"author":[{"embeddable":true,"href":"https:\/\/goethezentrum.md\/de\/wp-json\/wp\/v2\/users\/1"}],"replies":[{"embeddable":true,"href":"https:\/\/goethezentrum.md\/de\/wp-json\/wp\/v2\/comments?post=10928"}],"version-history":[{"count":1,"href":"https:\/\/goethezentrum.md\/de\/wp-json\/wp\/v2\/posts\/10928\/revisions"}],"predecessor-version":[{"id":10931,"href":"https:\/\/goethezentrum.md\/de\/wp-json\/wp\/v2\/posts\/10928\/revisions\/10931"}],"wp:featuredmedia":[{"embeddable":true,"href":"https:\/\/goethezentrum.md\/de\/wp-json\/wp\/v2\/media\/10930"}],"wp:attachment":[{"href":"https:\/\/goethezentrum.md\/de\/wp-json\/wp\/v2\/media?parent=10928"}],"wp:term":[{"taxonomy":"category","embeddable":true,"href":"https:\/\/goethezentrum.md\/de\/wp-json\/wp\/v2\/categories?post=10928"},{"taxonomy":"post_tag","embeddable":true,"href":"https:\/\/goethezentrum.md\/de\/wp-json\/wp\/v2\/tags?post=10928"}],"curies":[{"name":"wp","href":"https:\/\/api.w.org\/{rel}","templated":true}]}}